{"id":1003,"date":"2024-06-21T16:06:53","date_gmt":"2024-06-21T14:06:53","guid":{"rendered":"https:\/\/www.vamenia.de\/magazin\/?p=1003"},"modified":"2025-08-26T17:20:44","modified_gmt":"2025-08-26T15:20:44","slug":"straussenleder-taschen-aus-deutschland","status":"publish","type":"post","link":"https:\/\/www.vamenia.de\/magazin\/straussenleder-taschen-aus-deutschland\/","title":{"rendered":""},"content":{"rendered":"<div class=\"vce-row-container\" data-vce-boxed-width=\"true\"><div class=\"vce-row vce-row--col-gap-30 vce-row-equal-height vce-row-content--top\" id=\"el-20e24f9c\" data-vce-do-apply=\"all el-20e24f9c\"><div class=\"vce-row-content\" data-vce-element-content=\"true\"><div class=\"vce-col vce-col--md-auto vce-col--xs-1 vce-col--xs-last vce-col--xs-first vce-col--sm-last vce-col--sm-first vce-col--md-last vce-col--lg-last vce-col--xl-last vce-col--md-first vce-col--lg-first vce-col--xl-first\" id=\"el-343fdfa1\"><div class=\"vce-col-inner\" data-vce-do-apply=\"border margin background  el-343fdfa1\"><div class=\"vce-col-content\" data-vce-element-content=\"true\" data-vce-do-apply=\"padding el-343fdfa1\"><div class=\"vce-text-block\"><div class=\"vce-text-block-wrapper vce\" id=\"el-dcb7856c\" data-vce-do-apply=\"all el-dcb7856c\"><p style=\"font-size: 14px; line-height: inherit; text-align: center;\"><span style=\"caret-color: #000000; color: #000000; font-size: 18pt;\">Pure Herkunft. Die Strau\u00dfledertaschen in Kooperation mit der S\u00fcllberg Gastronomie.<\/span><\/p>\n<p style=\"text-align: center; line-height: inherit;\" data-start=\"414\" data-end=\"557\"><span style=\"font-size: 12pt; letter-spacing: inherit;\">In enger Kooperation mit der S\u00fcllberg Gastronomie pr\u00e4sentieren wir eine exklusive Kollektion aus feinstem Strau\u00dfenleder f\u00fcr Damen und Herren - komplett aus Deutschland.<br><\/span><span style=\"font-size: 12pt; letter-spacing: inherit;\">Das Leder stammt von der eigenen Strau\u00dfenfarm der S\u00fcllberg Gastronomie in Nienburg, Deutschland. Die Verarbeitung der edlen Strau\u00dfenleder erfolgen ausschlie\u00dflich in der Manufaktur im Allg\u00e4u. Material, Herkunft und Fertigung sind vollst\u00e4ndig in Deutschland verankert.<\/span><\/p>\n<p style=\"text-align: center; line-height: inherit;\" data-start=\"414\" data-end=\"557\"><span style=\"font-size: 12pt;\">Jede Tasche ist ein Einzelst\u00fcck, gefertigt aus nur einer einzigen Strau\u00dfenlederhaut. Die Kollektion wird laufend erweitert und vereint anspruchsvolles Design mit nachhaltiger Herkunft und handwerklicher Pr\u00e4zision.<\/span><\/p>\n<p style=\"text-align: center; line-height: inherit;\" data-start=\"1025\" data-end=\"1135\"><span style=\"font-size: 12pt; letter-spacing: inherit;\">Diese Kooperation steht f\u00fcr Verantwortung, Qualit\u00e4t und zeitlose Eleganz.<\/span><br data-start=\"1098\" data-end=\"1101\"><span style=\"font-size: 12pt; letter-spacing: inherit;\">Ein Zeichen f\u00fcr Stil mit Substanz.<\/span><\/p><\/div><\/div><\/div><\/div><\/div><\/div><\/div><\/div><div class=\"vce-row-container\" data-vce-boxed-width=\"true\"><div class=\"vce-row vce-row--col-gap-30 vce-row-equal-height vce-row-content--top\" id=\"el-2fafbce8\" data-vce-do-apply=\"all el-2fafbce8\"><div class=\"vce-row-content\" data-vce-element-content=\"true\"><div class=\"vce-col vce-col--md-auto vce-col--xs-1 vce-col--xs-last vce-col--xs-first vce-col--sm-last vce-col--sm-first vce-col--md-first vce-col--lg-first vce-col--xl-first\" id=\"el-8ff34f6d\"><div class=\"vce-col-inner\" data-vce-do-apply=\"border margin background  el-8ff34f6d\"><div class=\"vce-col-content\" data-vce-element-content=\"true\" data-vce-do-apply=\"padding el-8ff34f6d\"><div class=\"vce-text-block\"><div class=\"vce-text-block-wrapper vce\" id=\"el-fd61a507\" data-vce-do-apply=\"all el-fd61a507\"><h2><strong>Nachhaltigkeit und Handwerkskunst<\/strong><\/h2><p style=\"letter-spacing: inherit; line-height: inherit;\"><span style=\"font-weight: inherit; font-style: inherit; font-size: inherit;\">Die Strau\u00dfenfarm in Nienburg steht f\u00fcr nachhaltige Zucht und h\u00f6chste Qualit\u00e4t. Das Strau\u00dfenleder, das wir beziehen, wird in Deutschland verarbeitet und in handgefertigte Luxus-Taschen verwandelt. Jede Tasche ist ein Unikat, das durch exquisite Handwerkskunst und nachhaltige Herstellung besticht.<\/span><\/p><\/div><\/div><\/div><\/div><\/div><div class=\"vce-col vce-col--md-auto vce-col--xs-1 vce-col--xs-last vce-col--xs-first vce-col--sm-last vce-col--sm-first\" id=\"el-72760bd6\"><div class=\"vce-col-inner\" data-vce-do-apply=\"border margin background  el-72760bd6\"><div class=\"vce-col-content\" data-vce-element-content=\"true\" data-vce-do-apply=\"padding el-72760bd6\"><div class=\"vce-text-block\"><div class=\"vce-text-block-wrapper vce\" id=\"el-90bc004b\" data-vce-do-apply=\"all el-90bc004b\"><h2 style=\"line-height: inherit;\"><span style=\"font-weight: inherit; font-style: inherit; letter-spacing: inherit;\"><strong>Luxuri\u00f6se Exklusivit\u00e4t<\/strong><\/span><\/h2><p style=\"line-height: inherit;\"><span style=\"font-weight: inherit; font-style: inherit; letter-spacing: inherit; font-size: inherit;\">Unsere Strau\u00dfenledertaschen kombinieren traditionelle Handwerkskunst mit modernem Design und ethischer Verantwortung. Durch die limitierte Produktion und die Verwendung von hochwertigstem Strau\u00dfenleder garantieren wir Produkte, die sowohl \u00e4sthetisch ansprechend als auch nachhaltig sind.<\/span><\/p><\/div><\/div><\/div><\/div><\/div><div class=\"vce-col vce-col--md-auto vce-col--xs-1 vce-col--xs-last vce-col--xs-first vce-col--sm-last vce-col--sm-first vce-col--md-last vce-col--lg-last vce-col--xl-last\" id=\"el-703403eb\"><div class=\"vce-col-inner\" data-vce-do-apply=\"border margin background  el-703403eb\"><div class=\"vce-col-content\" data-vce-element-content=\"true\" data-vce-do-apply=\"padding el-703403eb\"><div class=\"vce-text-block\"><div class=\"vce-text-block-wrapper vce\" id=\"el-694ff34e\" data-vce-do-apply=\"all el-694ff34e\"><h2 style=\"line-height: inherit;\"><span style=\"font-weight: inherit; font-style: inherit; letter-spacing: inherit;\"><strong>Tradition trifft Innovation<\/strong><\/span><\/h2>\n<p style=\"line-height: inherit;\"><span style=\"font-size: inherit; font-weight: inherit; font-style: inherit; letter-spacing: inherit;\">VAMENIA steht f\u00fcr die Verschmelzung von Tradition und Innovation. Unsere Vision ist es, luxuri\u00f6se Produkte zu schaffen, die nicht nur durch ihre Sch\u00f6nheit und Funktionalit\u00e4t \u00fcberzeugen, sondern auch nachhaltig und ethisch vertretbar sind. Unsere Zusammenarbeit mit der<span style=\"color: #008000;\"> <strong><a style=\"color: #008000;\" href=\"https:\/\/suellberg-gastronomie.de\">S\u00fcllberg Gastronomie<\/a> <\/strong><\/span>ist ein wichtiger Schritt in Richtung einer umweltfreundlicheren Zukunft der Modeindustrie.<\/span><\/p><\/div><\/div><\/div><\/div><\/div><\/div><\/div><\/div><div class=\"vce-row-container\" data-vce-boxed-width=\"true\"><div class=\"vce-row vce-row--col-gap-30 vce-row-equal-height vce-row-content--top\" id=\"el-e9d1d483\" data-vce-do-apply=\"all el-e9d1d483\"><div class=\"vce-row-content\" data-vce-element-content=\"true\"><div class=\"vce-col vce-col--md-auto vce-col--xs-1 vce-col--xs-last vce-col--xs-first vce-col--sm-last vce-col--sm-first vce-col--md-last vce-col--lg-last vce-col--xl-last vce-col--md-first vce-col--lg-first vce-col--xl-first\" id=\"el-9bae75e8\"><div class=\"vce-col-inner\" data-vce-do-apply=\"border margin background  el-9bae75e8\"><div class=\"vce-col-content\" data-vce-element-content=\"true\" data-vce-do-apply=\"padding el-9bae75e8\"><div class=\"vce-image-gallery vce-image-gallery--gap-0 vce-image-gallery--columns-3\"><div class=\"vce-image-gallery-wrapper vce\" id=\"el-b91b0165\" data-vce-do-apply=\"all el-b91b0165\"><div class=\"vce-image-gallery-list\"><div class=\"vce-image-gallery-item\"><figure class=\"vce-image-gallery-item-inner-wrapper\"><a href=\"https:\/\/www.vamenia.de\/de\/umhaengetasche-aus-straussenleder-cognac.html\" title=\"\" target=\"_blank\" class=\"vce-image-gallery-item-inner\"><img decoding=\"async\" class=\"vce-image-gallery-img\" src=\"https:\/\/www.vamenia.de\/magazin\/wp-content\/uploads\/2024\/06\/VAMENIA_Umhaengetasche_OPIS_Straussenleder_Cognac-1.jpg\" alt=\"\" title=\"VAMENIA_Umh\u00e4ngetasche_OPIS_Strau\u00dfenleder_Cognac-1\"><\/a><\/figure><\/div><div class=\"vce-image-gallery-item\"><figure class=\"vce-image-gallery-item-inner-wrapper\"><a href=\"https:\/\/www.vamenia.de\/de\/henkeltasche-mit-umhaengegurt-straussenleder-weiss.html\" title=\"\" target=\"_blank\" class=\"vce-image-gallery-item-inner\"><img decoding=\"async\" class=\"vce-image-gallery-img\" src=\"https:\/\/www.vamenia.de\/magazin\/wp-content\/uploads\/2024\/06\/VAMENIA_-Handtasche_SPES_Straussenleder_weiss_4-2.jpg\" alt=\"\" title=\"VAMENIA_-Handtasche_SPES_Strau\u00dfenleder_wei\u00df_4-2\"><\/a><\/figure><\/div><div class=\"vce-image-gallery-item\"><figure class=\"vce-image-gallery-item-inner-wrapper\"><a href=\"https:\/\/www.vamenia.de\/de\/kleine-henkeltasche-aus-straussenleder-in-rot.html\" title=\"\" target=\"_blank\" class=\"vce-image-gallery-item-inner\"><img decoding=\"async\" class=\"vce-image-gallery-img\" src=\"https:\/\/www.vamenia.de\/magazin\/wp-content\/uploads\/2024\/06\/VAMENIA_Henkeltasche_Straussenleder_SPES_Min_rot_2.jpg\" alt=\"\" title=\"VAMENIA_Henkeltasche_Strau\u00dfenleder_SPES_Min_rot_2\"><\/a><\/figure><\/div><div class=\"vce-image-gallery-item\"><figure class=\"vce-image-gallery-item-inner-wrapper\"><a href=\"https:\/\/www.vamenia.de\/de\/umhaengetasche-aus-straussenleder-schwarz.html\" title=\"\" target=\"_blank\" class=\"vce-image-gallery-item-inner\"><img decoding=\"async\" class=\"vce-image-gallery-img\" src=\"https:\/\/www.vamenia.de\/magazin\/wp-content\/uploads\/2024\/06\/VAMENIA_Umhaengetasche_OPIS_Straussenleder_Schwarz-2.jpg\" alt=\"\" title=\"VAMENIA_Umh\u00e4ngetasche_OPIS_Strau\u00dfenleder_Schwarz-2\"><\/a><\/figure><\/div><div class=\"vce-image-gallery-item\"><figure class=\"vce-image-gallery-item-inner-wrapper\"><a href=\"https:\/\/www.vamenia.de\/de\/hobo-bag-als-schultertasche-straussenleder-in-senfgelb.html\" title=\"\" target=\"_blank\" class=\"vce-image-gallery-item-inner\"><img decoding=\"async\" class=\"vce-image-gallery-img\" src=\"https:\/\/www.vamenia.de\/magazin\/wp-content\/uploads\/2024\/06\/VAMENIA_Hobo-BAG_Schultertasche_FORTUNA_Straussenleder_gelb_1.jpg\" alt=\"\" title=\"VAMENIA_Hobo-BAG_Schultertasche_FORTUNA_Strau\u00dfenleder_gelb_1\"><\/a><\/figure><\/div><div class=\"vce-image-gallery-item\"><figure class=\"vce-image-gallery-item-inner-wrapper\"><a href=\"https:\/\/www.vamenia.de\/de\/kleine-henkeltasche-aus-straussenleder-in-blau.html\" title=\"\" target=\"_blank\" class=\"vce-image-gallery-item-inner\"><img decoding=\"async\" class=\"vce-image-gallery-img\" src=\"https:\/\/www.vamenia.de\/magazin\/wp-content\/uploads\/2024\/06\/VAMENIA_Henkeltasche_Straussenleder_SPES_Mini_blau_4.jpg\" alt=\"\" title=\"VAMENIA_Henkeltasche_Strau\u00dfenleder_SPES_Mini_blau_4\"><\/a><\/figure><\/div><\/div><\/div><\/div><\/div><\/div><\/div><\/div><\/div><\/div><div class=\"vce-row-container\" data-vce-boxed-width=\"true\"><div class=\"vce-row vce-row--col-gap-30 vce-row-equal-height vce-row-content--top\" id=\"el-476f6804\" data-vce-do-apply=\"all el-476f6804\"><div class=\"vce-row-content\" data-vce-element-content=\"true\"><div class=\"vce-col vce-col--md-auto vce-col--xs-1 vce-col--xs-last vce-col--xs-first vce-col--sm-last vce-col--sm-first vce-col--md-last vce-col--lg-last vce-col--xl-last vce-col--md-first vce-col--lg-first vce-col--xl-first\" id=\"el-ec486a92\"><div class=\"vce-col-inner\" data-vce-do-apply=\"border margin background  el-ec486a92\"><div class=\"vce-col-content\" data-vce-element-content=\"true\" data-vce-do-apply=\"padding el-ec486a92\"><div class=\"vce-text-block\"><div class=\"vce-text-block-wrapper vce\" id=\"el-989fd3b5\" data-vce-do-apply=\"all el-989fd3b5\"><h2><strong><span style=\"font-style: inherit; font-size: inherit;\">\u00dcber unsere Freunde von der S\u00fcllberg Gastronomie<\/span><\/strong><\/h2>\n<p style=\"line-height: inherit;\"><span style=\"font-weight: inherit; font-style: inherit; font-size: inherit; letter-spacing: inherit;\">Die S\u00fcllberg Gastronomie in Hamburg-Blankenese bietet eine einzigartige Kombination aus erstklassiger Kulinarik und atemberaubender Aussicht auf die Elbe. Unter der Leitung der Familie Vazzano werden hier traditionelle und moderne Gerichte auf h\u00f6chstem Niveau serviert. <br>Das historische Ambiente und die vielf\u00e4ltigen Veranstaltungsr\u00e4ume machen den S\u00fcllberg zu einem idealen Ort f\u00fcr exklusive Events und unvergessliche Feiern.<\/span><\/p>\n<p style=\"line-height: inherit;\"><span style=\"font-weight: inherit; font-style: inherit; font-size: inherit; letter-spacing: inherit;\">Weitere Informationen auf <a href=\"https:\/\/suellberg-gastronomie.de\/\" target=\"_new\" rel=\"noreferrer\"><span style=\"color: #008000;\"><strong>S\u00fcllberg Gastronomie<\/strong> <\/span>Webseite<\/a>.<\/span><\/p><\/div><\/div><\/div><\/div><\/div><\/div><\/div><\/div>\n","protected":false},"excerpt":{"rendered":"<p>Pure Herkunft. Die Strau\u00dfledertaschen in Kooperation mit der S\u00fcllberg Gastronomie. In enger Kooperation mit der S\u00fcllberg Gastronomie pr\u00e4sentieren wir eine exklusive Kollektion aus feinstem Strau\u00dfenleder f\u00fcr Damen und Herren &#8211; komplett aus Deutschland.Das Leder stammt von der eigenen Strau\u00dfenfarm der S\u00fcllberg Gastronomie in Nienburg, Deutschland. Die Verarbeitung der edlen Strau\u00dfenleder erfolgen ausschlie\u00dflich in der Manufaktur [&hellip;]<\/p>\n","protected":false},"author":1,"featured_media":1099,"comment_status":"closed","ping_status":"closed","sticky":false,"template":"","format":"standard","meta":{"cybocfi_hide_featured_image":"","footnotes":""},"categories":[1],"tags":[],"class_list":["post-1003","post","type-post","status-publish","format-standard","has-post-thumbnail","hentry","category-allgemein"],"yoast_head":"<!-- This site is optimized with the Yoast SEO plugin v27.5 - https:\/\/yoast.com\/product\/yoast-seo-wordpress\/ -->\n<title>- VAMENIA Magazin<\/title>\n<meta name=\"description\" content=\"Luxuri\u00f6se Strau\u00dfenledertaschen von VAMENIA, handgefertigt in Deutschland. Nachhaltig produziert in Kooperation mit der S\u00fcllberg Gastronomie. Entdecken Sie unsere exklusive Kollektion.\" \/>\n<meta name=\"robots\" content=\"index, follow, max-snippet:-1, max-image-preview:large, max-video-preview:-1\" \/>\n<link rel=\"canonical\" href=\"https:\/\/www.vamenia.de\/magazin\/straussenleder-taschen-aus-deutschland\/\" \/>\n<meta property=\"og:locale\" content=\"de_DE\" \/>\n<meta property=\"og:type\" content=\"article\" \/>\n<meta property=\"og:title\" content=\"- VAMENIA Magazin\" \/>\n<meta property=\"og:description\" content=\"Luxuri\u00f6se Strau\u00dfenledertaschen von VAMENIA, handgefertigt in Deutschland. Nachhaltig produziert in Kooperation mit der S\u00fcllberg Gastronomie. Entdecken Sie unsere exklusive Kollektion.\" \/>\n<meta property=\"og:url\" content=\"https:\/\/www.vamenia.de\/magazin\/straussenleder-taschen-aus-deutschland\/\" \/>\n<meta property=\"og:site_name\" content=\"VAMENIA Magazin\" \/>\n<meta property=\"article:published_time\" content=\"2024-06-21T14:06:53+00:00\" \/>\n<meta property=\"article:modified_time\" content=\"2025-08-26T15:20:44+00:00\" \/>\n<meta property=\"og:image\" content=\"https:\/\/www.vamenia.de\/magazin\/wp-content\/uploads\/2024\/06\/vamenia-collaboration-suellberg-ostrich-bag1-2-scaled.jpg\" \/>\n\t<meta property=\"og:image:width\" content=\"2048\" \/>\n\t<meta property=\"og:image:height\" content=\"2560\" \/>\n\t<meta property=\"og:image:type\" content=\"image\/jpeg\" \/>\n<meta name=\"author\" content=\"Presseabteilung\" \/>\n<meta name=\"twitter:card\" content=\"summary_large_image\" \/>\n<meta name=\"twitter:label1\" content=\"Verfasst von\" \/>\n\t<meta name=\"twitter:data1\" content=\"Presseabteilung\" \/>\n\t<meta name=\"twitter:label2\" content=\"Gesch\u00e4tzte Lesezeit\" \/>\n\t<meta name=\"twitter:data2\" content=\"3\u00a0Minuten\" \/>\n<script type=\"application\/ld+json\" class=\"yoast-schema-graph\">{\"@context\":\"https:\\\/\\\/schema.org\",\"@graph\":[{\"@type\":\"Article\",\"@id\":\"https:\\\/\\\/www.vamenia.de\\\/magazin\\\/straussenleder-taschen-aus-deutschland\\\/#article\",\"isPartOf\":{\"@id\":\"https:\\\/\\\/www.vamenia.de\\\/magazin\\\/straussenleder-taschen-aus-deutschland\\\/\"},\"author\":{\"name\":\"Presseabteilung\",\"@id\":\"https:\\\/\\\/www.vamenia.de\\\/magazin\\\/#\\\/schema\\\/person\\\/546aeaee8f28f3953251742bf7cafea6\"},\"headline\":\"Kein Titel\",\"datePublished\":\"2024-06-21T14:06:53+00:00\",\"dateModified\":\"2025-08-26T15:20:44+00:00\",\"mainEntityOfPage\":{\"@id\":\"https:\\\/\\\/www.vamenia.de\\\/magazin\\\/straussenleder-taschen-aus-deutschland\\\/\"},\"wordCount\":343,\"image\":{\"@id\":\"https:\\\/\\\/www.vamenia.de\\\/magazin\\\/straussenleder-taschen-aus-deutschland\\\/#primaryimage\"},\"thumbnailUrl\":\"https:\\\/\\\/www.vamenia.de\\\/magazin\\\/wp-content\\\/uploads\\\/2024\\\/06\\\/vamenia-collaboration-suellberg-ostrich-bag1-2-scaled.jpg\",\"inLanguage\":\"de\"},{\"@type\":\"WebPage\",\"@id\":\"https:\\\/\\\/www.vamenia.de\\\/magazin\\\/straussenleder-taschen-aus-deutschland\\\/\",\"url\":\"https:\\\/\\\/www.vamenia.de\\\/magazin\\\/straussenleder-taschen-aus-deutschland\\\/\",\"name\":\"- VAMENIA Magazin\",\"isPartOf\":{\"@id\":\"https:\\\/\\\/www.vamenia.de\\\/magazin\\\/#website\"},\"primaryImageOfPage\":{\"@id\":\"https:\\\/\\\/www.vamenia.de\\\/magazin\\\/straussenleder-taschen-aus-deutschland\\\/#primaryimage\"},\"image\":{\"@id\":\"https:\\\/\\\/www.vamenia.de\\\/magazin\\\/straussenleder-taschen-aus-deutschland\\\/#primaryimage\"},\"thumbnailUrl\":\"https:\\\/\\\/www.vamenia.de\\\/magazin\\\/wp-content\\\/uploads\\\/2024\\\/06\\\/vamenia-collaboration-suellberg-ostrich-bag1-2-scaled.jpg\",\"datePublished\":\"2024-06-21T14:06:53+00:00\",\"dateModified\":\"2025-08-26T15:20:44+00:00\",\"author\":{\"@id\":\"https:\\\/\\\/www.vamenia.de\\\/magazin\\\/#\\\/schema\\\/person\\\/546aeaee8f28f3953251742bf7cafea6\"},\"description\":\"Luxuri\u00f6se Strau\u00dfenledertaschen von VAMENIA, handgefertigt in Deutschland. Nachhaltig produziert in Kooperation mit der S\u00fcllberg Gastronomie. Entdecken Sie unsere exklusive Kollektion.\",\"inLanguage\":\"de\",\"potentialAction\":[{\"@type\":\"ReadAction\",\"target\":[\"https:\\\/\\\/www.vamenia.de\\\/magazin\\\/straussenleder-taschen-aus-deutschland\\\/\"]}]},{\"@type\":\"ImageObject\",\"inLanguage\":\"de\",\"@id\":\"https:\\\/\\\/www.vamenia.de\\\/magazin\\\/straussenleder-taschen-aus-deutschland\\\/#primaryimage\",\"url\":\"https:\\\/\\\/www.vamenia.de\\\/magazin\\\/wp-content\\\/uploads\\\/2024\\\/06\\\/vamenia-collaboration-suellberg-ostrich-bag1-2-scaled.jpg\",\"contentUrl\":\"https:\\\/\\\/www.vamenia.de\\\/magazin\\\/wp-content\\\/uploads\\\/2024\\\/06\\\/vamenia-collaboration-suellberg-ostrich-bag1-2-scaled.jpg\",\"width\":2048,\"height\":2560,\"caption\":\"VAMENIA Strau\u00dfenledertasche bei exklusiver Kooperation mit dem S\u00fcllberg, fotografiert im Januar 2025 \u2013 elegante Inszenierung auf Sandsteinstufen mit Model in schwarzer Hose und Bluse.\"},{\"@type\":\"WebSite\",\"@id\":\"https:\\\/\\\/www.vamenia.de\\\/magazin\\\/#website\",\"url\":\"https:\\\/\\\/www.vamenia.de\\\/magazin\\\/\",\"name\":\"VAMENIA Magazin\",\"description\":\"In unserem Magazin erhalten Sie exklusive Einblicke in Kollektionen, Produktion, Mitarbeiter und Zukunftsprojekten von VAMENIA.\",\"potentialAction\":[{\"@type\":\"SearchAction\",\"target\":{\"@type\":\"EntryPoint\",\"urlTemplate\":\"https:\\\/\\\/www.vamenia.de\\\/magazin\\\/?s={search_term_string}\"},\"query-input\":{\"@type\":\"PropertyValueSpecification\",\"valueRequired\":true,\"valueName\":\"search_term_string\"}}],\"inLanguage\":\"de\"},{\"@type\":\"Person\",\"@id\":\"https:\\\/\\\/www.vamenia.de\\\/magazin\\\/#\\\/schema\\\/person\\\/546aeaee8f28f3953251742bf7cafea6\",\"name\":\"Presseabteilung\",\"image\":{\"@type\":\"ImageObject\",\"inLanguage\":\"de\",\"@id\":\"https:\\\/\\\/secure.gravatar.com\\\/avatar\\\/3dd287d76e88212198d095337789e3891145e7b51822974518d1c824c6d41b78?s=96&d=mm&r=g\",\"url\":\"https:\\\/\\\/secure.gravatar.com\\\/avatar\\\/3dd287d76e88212198d095337789e3891145e7b51822974518d1c824c6d41b78?s=96&d=mm&r=g\",\"contentUrl\":\"https:\\\/\\\/secure.gravatar.com\\\/avatar\\\/3dd287d76e88212198d095337789e3891145e7b51822974518d1c824c6d41b78?s=96&d=mm&r=g\",\"caption\":\"Presseabteilung\"},\"url\":\"https:\\\/\\\/www.vamenia.de\\\/magazin\\\/author\\\/tamasi\\\/\"}]}<\/script>\n<!-- \/ Yoast SEO plugin. -->","yoast_head_json":{"title":"- VAMENIA Magazin","description":"Luxuri\u00f6se Strau\u00dfenledertaschen von VAMENIA, handgefertigt in Deutschland. Nachhaltig produziert in Kooperation mit der S\u00fcllberg Gastronomie. Entdecken Sie unsere exklusive Kollektion.","robots":{"index":"index","follow":"follow","max-snippet":"max-snippet:-1","max-image-preview":"max-image-preview:large","max-video-preview":"max-video-preview:-1"},"canonical":"https:\/\/www.vamenia.de\/magazin\/straussenleder-taschen-aus-deutschland\/","og_locale":"de_DE","og_type":"article","og_title":"- VAMENIA Magazin","og_description":"Luxuri\u00f6se Strau\u00dfenledertaschen von VAMENIA, handgefertigt in Deutschland. Nachhaltig produziert in Kooperation mit der S\u00fcllberg Gastronomie. Entdecken Sie unsere exklusive Kollektion.","og_url":"https:\/\/www.vamenia.de\/magazin\/straussenleder-taschen-aus-deutschland\/","og_site_name":"VAMENIA Magazin","article_published_time":"2024-06-21T14:06:53+00:00","article_modified_time":"2025-08-26T15:20:44+00:00","og_image":[{"width":2048,"height":2560,"url":"https:\/\/www.vamenia.de\/magazin\/wp-content\/uploads\/2024\/06\/vamenia-collaboration-suellberg-ostrich-bag1-2-scaled.jpg","type":"image\/jpeg"}],"author":"Presseabteilung","twitter_card":"summary_large_image","twitter_misc":{"Verfasst von":"Presseabteilung","Gesch\u00e4tzte Lesezeit":"3\u00a0Minuten"},"schema":{"@context":"https:\/\/schema.org","@graph":[{"@type":"Article","@id":"https:\/\/www.vamenia.de\/magazin\/straussenleder-taschen-aus-deutschland\/#article","isPartOf":{"@id":"https:\/\/www.vamenia.de\/magazin\/straussenleder-taschen-aus-deutschland\/"},"author":{"name":"Presseabteilung","@id":"https:\/\/www.vamenia.de\/magazin\/#\/schema\/person\/546aeaee8f28f3953251742bf7cafea6"},"headline":"Kein Titel","datePublished":"2024-06-21T14:06:53+00:00","dateModified":"2025-08-26T15:20:44+00:00","mainEntityOfPage":{"@id":"https:\/\/www.vamenia.de\/magazin\/straussenleder-taschen-aus-deutschland\/"},"wordCount":343,"image":{"@id":"https:\/\/www.vamenia.de\/magazin\/straussenleder-taschen-aus-deutschland\/#primaryimage"},"thumbnailUrl":"https:\/\/www.vamenia.de\/magazin\/wp-content\/uploads\/2024\/06\/vamenia-collaboration-suellberg-ostrich-bag1-2-scaled.jpg","inLanguage":"de"},{"@type":"WebPage","@id":"https:\/\/www.vamenia.de\/magazin\/straussenleder-taschen-aus-deutschland\/","url":"https:\/\/www.vamenia.de\/magazin\/straussenleder-taschen-aus-deutschland\/","name":"- VAMENIA Magazin","isPartOf":{"@id":"https:\/\/www.vamenia.de\/magazin\/#website"},"primaryImageOfPage":{"@id":"https:\/\/www.vamenia.de\/magazin\/straussenleder-taschen-aus-deutschland\/#primaryimage"},"image":{"@id":"https:\/\/www.vamenia.de\/magazin\/straussenleder-taschen-aus-deutschland\/#primaryimage"},"thumbnailUrl":"https:\/\/www.vamenia.de\/magazin\/wp-content\/uploads\/2024\/06\/vamenia-collaboration-suellberg-ostrich-bag1-2-scaled.jpg","datePublished":"2024-06-21T14:06:53+00:00","dateModified":"2025-08-26T15:20:44+00:00","author":{"@id":"https:\/\/www.vamenia.de\/magazin\/#\/schema\/person\/546aeaee8f28f3953251742bf7cafea6"},"description":"Luxuri\u00f6se Strau\u00dfenledertaschen von VAMENIA, handgefertigt in Deutschland. Nachhaltig produziert in Kooperation mit der S\u00fcllberg Gastronomie. Entdecken Sie unsere exklusive Kollektion.","inLanguage":"de","potentialAction":[{"@type":"ReadAction","target":["https:\/\/www.vamenia.de\/magazin\/straussenleder-taschen-aus-deutschland\/"]}]},{"@type":"ImageObject","inLanguage":"de","@id":"https:\/\/www.vamenia.de\/magazin\/straussenleder-taschen-aus-deutschland\/#primaryimage","url":"https:\/\/www.vamenia.de\/magazin\/wp-content\/uploads\/2024\/06\/vamenia-collaboration-suellberg-ostrich-bag1-2-scaled.jpg","contentUrl":"https:\/\/www.vamenia.de\/magazin\/wp-content\/uploads\/2024\/06\/vamenia-collaboration-suellberg-ostrich-bag1-2-scaled.jpg","width":2048,"height":2560,"caption":"VAMENIA Strau\u00dfenledertasche bei exklusiver Kooperation mit dem S\u00fcllberg, fotografiert im Januar 2025 \u2013 elegante Inszenierung auf Sandsteinstufen mit Model in schwarzer Hose und Bluse."},{"@type":"WebSite","@id":"https:\/\/www.vamenia.de\/magazin\/#website","url":"https:\/\/www.vamenia.de\/magazin\/","name":"VAMENIA Magazin","description":"In unserem Magazin erhalten Sie exklusive Einblicke in Kollektionen, Produktion, Mitarbeiter und Zukunftsprojekten von VAMENIA.","potentialAction":[{"@type":"SearchAction","target":{"@type":"EntryPoint","urlTemplate":"https:\/\/www.vamenia.de\/magazin\/?s={search_term_string}"},"query-input":{"@type":"PropertyValueSpecification","valueRequired":true,"valueName":"search_term_string"}}],"inLanguage":"de"},{"@type":"Person","@id":"https:\/\/www.vamenia.de\/magazin\/#\/schema\/person\/546aeaee8f28f3953251742bf7cafea6","name":"Presseabteilung","image":{"@type":"ImageObject","inLanguage":"de","@id":"https:\/\/secure.gravatar.com\/avatar\/3dd287d76e88212198d095337789e3891145e7b51822974518d1c824c6d41b78?s=96&d=mm&r=g","url":"https:\/\/secure.gravatar.com\/avatar\/3dd287d76e88212198d095337789e3891145e7b51822974518d1c824c6d41b78?s=96&d=mm&r=g","contentUrl":"https:\/\/secure.gravatar.com\/avatar\/3dd287d76e88212198d095337789e3891145e7b51822974518d1c824c6d41b78?s=96&d=mm&r=g","caption":"Presseabteilung"},"url":"https:\/\/www.vamenia.de\/magazin\/author\/tamasi\/"}]}},"_links":{"self":[{"href":"https:\/\/www.vamenia.de\/magazin\/wp-json\/wp\/v2\/posts\/1003","targetHints":{"allow":["GET"]}}],"collection":[{"href":"https:\/\/www.vamenia.de\/magazin\/wp-json\/wp\/v2\/posts"}],"about":[{"href":"https:\/\/www.vamenia.de\/magazin\/wp-json\/wp\/v2\/types\/post"}],"author":[{"embeddable":true,"href":"https:\/\/www.vamenia.de\/magazin\/wp-json\/wp\/v2\/users\/1"}],"replies":[{"embeddable":true,"href":"https:\/\/www.vamenia.de\/magazin\/wp-json\/wp\/v2\/comments?post=1003"}],"version-history":[{"count":9,"href":"https:\/\/www.vamenia.de\/magazin\/wp-json\/wp\/v2\/posts\/1003\/revisions"}],"predecessor-version":[{"id":1102,"href":"https:\/\/www.vamenia.de\/magazin\/wp-json\/wp\/v2\/posts\/1003\/revisions\/1102"}],"wp:featuredmedia":[{"embeddable":true,"href":"https:\/\/www.vamenia.de\/magazin\/wp-json\/wp\/v2\/media\/1099"}],"wp:attachment":[{"href":"https:\/\/www.vamenia.de\/magazin\/wp-json\/wp\/v2\/media?parent=1003"}],"wp:term":[{"taxonomy":"category","embeddable":true,"href":"https:\/\/www.vamenia.de\/magazin\/wp-json\/wp\/v2\/categories?post=1003"},{"taxonomy":"post_tag","embeddable":true,"href":"https:\/\/www.vamenia.de\/magazin\/wp-json\/wp\/v2\/tags?post=1003"}],"curies":[{"name":"wp","href":"https:\/\/api.w.org\/{rel}","templated":true}]}}